{"id":59,"date":"2021-09-25T20:45:51","date_gmt":"2021-09-25T18:45:51","guid":{"rendered":"https:\/\/esperalkatowice.pl\/blog\/?p=59"},"modified":"2021-09-25T20:45:51","modified_gmt":"2021-09-25T18:45:51","slug":"depresja-alkoholowa-i-uzaleznienie-od-alkoholu-omowienie-pojec","status":"publish","type":"post","link":"https:\/\/esperalkatowice.pl\/blog\/depresja-alkoholowa-i-uzaleznienie-od-alkoholu-omowienie-pojec\/","title":{"rendered":"Depresja alkoholowa i uzale\u017cnienie od alkoholu \u2013 om\u00f3wienie poj\u0119\u0107"},"content":{"rendered":"<p><span style=\"font-weight: 400;\">Depresja i alkoholizm cz\u0119sto id\u0105 ze sob\u0105 w parze. Najcz\u0119\u015bciej pierwotna obecno\u015b\u0107 alkoholizmu wywo\u0142uje pojawienie si\u0119 stan\u00f3w depresyjnych. Dotyczy to oko\u0142o 90% wszystkich stwierdzonych przypadk\u00f3w. 10% z kolei to sytuacja odwrotna, gdzie to pierwotnie wyst\u0119puj\u0105ca depresja popycha cz\u0142owieka w szpony uzale\u017cnienia. Co ciekawe, ta sytuacja w wi\u0119kszo\u015bci dotyczy kobiet. Niestety obie sytuacje s\u0105 r\u00f3wnie gro\u017ane, a fakt \u0142atwego dost\u0119pu do napoj\u00f3w alkoholowych jedynie pogarsza stan chorobowy u wszystkich Pacjent\u00f3w.<\/span><\/p>\n<h2>Uzale\u017cnienie od alkoholu czy depresja \u2013 co jest pierwsze?<\/h2>\n<p><span style=\"font-weight: 400;\">Alkohol stanowi u\u017cywk\u0119, po kt\u00f3r\u0105 najcz\u0119\u015bciej si\u0119gaj\u0105 obywatele Stan\u00f3w Zjednoczonych oraz mieszka\u0144cy Europy. W literaturze przedmiotu wielokrotnie mo\u017cna natrafi\u0107 na opis zwi\u0105zku mi\u0119dzy zespo\u0142em zale\u017cno\u015bci alkoholowej, nazywanego w skr\u00f3cie ZZA, z zaburzeniami psychicznymi wyst\u0119puj\u0105cymi w formie zespo\u0142u depresyjnego. Niejednokrotnie praktyka medyczna pokaza\u0142a, \u017ce stan depresji alkoholowej jest bardzo cz\u0119stym powik\u0142aniem wspomnianej wy\u017cej zale\u017cno\u015bci alkoholowej.<\/span><\/p>\n<p><span style=\"font-weight: 400;\">W przypadku os\u00f3b cierpi\u0105cych na depresj\u0119, w momencie postrzegania alkoholu jako alternatywnej wersji unikania codzienno\u015bci i problem\u00f3w z ni\u0105 zwi\u0105zanej, cz\u0119\u015bciej wykazuj\u0105 cechy uzale\u017cnienia. Niestety w dalszym ci\u0105gu w mentalno\u015bci wielu os\u00f3b alkohol stanowi idealny \u015brodek poprawiaj\u0105cy nastr\u00f3j. Prawda jest jednak inna. Poczucie ulgi jest tutaj pozorne, a kiedy etanol przestaje dzia\u0142a\u0107, cz\u0142owiek odczuwa pogorszenie nastroju. Z tego powodu napoje alkoholowe ju\u017c od dawna zaliczane s\u0105 do typowych depresant\u00f3w. Tym samym, je\u017celi cz\u0142owiek najpierw wykazuje stany depresyjne i za ich spraw\u0105 si\u0119ga po alkohol doprowadzaj\u0105c do rozwoju uzale\u017cnienia, m\u00f3wi si\u0119 wtedy o pierwotnej depresji z wt\u00f3rnym alkoholizmem.<\/span><\/p>\n<p><span style=\"font-weight: 400;\">Inaczej jest w przypadku, kiedy obecny alkoholizm wywo\u0142uje stany depresyjne. Zaburzenia nastroju s\u0105 wi\u0119c elementem pod\u0142o\u017ca zespo\u0142u zale\u017cno\u015bci alkoholowej i m\u00f3wi si\u0119 wtedy o pierwotnym alkoholizmie z wt\u00f3rn\u0105 depresj\u0105. Mo\u017ce ona si\u0119 pojawi\u0107 na ka\u017cdej z czterech faz rozwoju choroby alkoholowej. Wed\u0142ug podzia\u0142u Jellinka, istniej\u0105 cztery fazy choroby alkoholowej: przedalkoholowe (pocz\u0105tkowe), ostrzegawcze (zwiastunowe), krytyczne (ostre), ko\u0144cowe (przewlek\u0142e). Aby jednak zdiagnozowa\u0107 istnienie depresji alkoholowej, nale\u017cy jej utrzymuj\u0105ce si\u0119 objawy obserwowa\u0107 przez minimum dwa tygodnie lub d\u0142u\u017cej.<\/span><\/p>\n<h2>Alkoholizm objawowy \u2013 jakie s\u0105 objawy depresji?<\/h2>\n<p><span style=\"font-weight: 400;\">Dost\u0119pno\u015b\u0107 alkoholu po\u0142\u0105czona z brakiem znajomo\u015bci i umiej\u0119tno\u015bci wykorzystywania strategii radzenia sobie w trudnych chwilach sprawia, \u017ce ludzie pr\u00f3buj\u0105 nim leczy\u0107 sw\u00f3j psychiczny dyskomfort. W takiej sytuacji dana osoba, niezale\u017cnie od jej wieku i p\u0142ci, nara\u017ca si\u0119 na rozw\u00f3j uzale\u017cnienia, kt\u00f3re niespodziewanie narasta, przechodz\u0105c przez kolejne fazy rozwoju choroby. Osoby z tak zwanymi zaburzeniami afektywnymi, w kt\u00f3rych sk\u0142ad wchodzi nastr\u00f3j, emocje i aktywno\u015b\u0107, popadaj\u0105 w na\u0142\u00f3g si\u0119gania po alkohol, kt\u00f3ry ma na celu poprawi\u0107 ich samopoczucie. Wraz z up\u0142ywem czasu jednak dochodzi do pogorszenia si\u0119 nastroju, co w skrajnych sytuacjach mo\u017ce sk\u0142oni\u0107 dan\u0105 osob\u0119 do my\u015bli i pr\u00f3b samob\u00f3jczych. Z tego powodu tak wa\u017cne jest szybkie postawienie odpowiedniej diagnozy, a tak\u017ce si\u0119gni\u0119cie po fachow\u0105 pomoc terapeutyczno-lecznicz\u0105.<\/span><\/p>\n<p><span style=\"font-weight: 400;\">Aby w og\u00f3le m\u00f3c okre\u015bli\u0107 dane zaburzenia nastroju depresj\u0105, musz\u0105 zosta\u0107 zaobserwowane i zdiagnozowane odpowiednie czynniki. Przede wszystkim nale\u017cy si\u0119gn\u0105\u0107 informacji znajduj\u0105cych si\u0119 w Mi\u0119dzynarodowej Statystycznej Klasyfikacji Chor\u00f3b i Problem\u00f3w Zdrowotnych ICD-10, gdzie zaprezentowano konkretne kryteria diagnostyczne wszelkich zaburze\u0144 zdrowotnych, wliczaj\u0105c w to nieprawid\u0142owo\u015bci w odczuwaniu emocji i nastroju. W my\u015bl tej klasyfikacji, podstawowe objawy depresji s\u0105 nast\u0119puj\u0105ce:<\/span><\/p>\n<ul>\n<li style=\"font-weight: 400;\" aria-level=\"1\"><span style=\"font-weight: 400;\">Trwa\u0142e obni\u017cenie nastroju, kt\u00f3remu towarzyszy os\u0142abienie i brak wyra\u017cania emocji,<\/span><\/li>\n<li style=\"font-weight: 400;\" aria-level=\"1\"><span style=\"font-weight: 400;\">Zaniechanie rozwijania zainteresowa\u0144, a tak\u017ce ca\u0142kowita niech\u0119\u0107 wykonywania wszelkich aktywno\u015bci, kt\u00f3re jeszcze do niedawna cieszy\u0142y si\u0119 zainteresowaniem i sprawia\u0142y danej osobie przyjemno\u015b\u0107,<\/span><\/li>\n<li style=\"font-weight: 400;\" aria-level=\"1\"><span style=\"font-weight: 400;\">Spadek energii, apatyczno\u015b\u0107, zm\u0119czenie, wyczerpanie.<\/span><\/li>\n<\/ul>\n<p><span style=\"font-weight: 400;\">Stwierdzenie obecno\u015bci ju\u017c jednego z powy\u017cszych komponent\u00f3w wystarczy do rozpoznania depresji. Do\u015b\u0107 cz\u0119sto przebiega ona w parze z objawami na tle psychosomatycznym, kt\u00f3re obejmuj\u0105:<\/span><\/p>\n<ul>\n<li style=\"font-weight: 400;\" aria-level=\"1\"><span style=\"font-weight: 400;\">Zaburzenia snu i spadek jego jako\u015bci,<\/span><\/li>\n<li style=\"font-weight: 400;\" aria-level=\"1\"><span style=\"font-weight: 400;\">Zaburzenia aktywno\u015bci ruchowe,<\/span><\/li>\n<li style=\"font-weight: 400;\" aria-level=\"1\"><span style=\"font-weight: 400;\">Zaburzenia apetytu i szybkie zmiany masy cia\u0142a,<\/span><\/li>\n<li style=\"font-weight: 400;\" aria-level=\"1\"><span style=\"font-weight: 400;\">Zaburzenia proces\u00f3w my\u015blowych,<\/span><\/li>\n<li style=\"font-weight: 400;\" aria-level=\"1\"><span style=\"font-weight: 400;\">Zaburzenia tre\u015bci my\u015blenia \u2013 np. urojenia, paranoje,<\/span><\/li>\n<li style=\"font-weight: 400;\" aria-level=\"1\"><span style=\"font-weight: 400;\">Zachowania ryzykowne w aspekcie sk\u0142onno\u015bci samob\u00f3jczych.<\/span><\/li>\n<\/ul>\n<p><span style=\"font-weight: 400;\">Osoby, kt\u00f3re posiadaj\u0105 podw\u00f3jn\u0105 diagnoz\u0119, czyli maj\u0105 rozpoznan\u0105 depresj\u0119 i ZZA zazwyczaj gorzej przechodz\u0105 przez proces leczenia i w ich przypadku ryzyko pope\u0142nienia samob\u00f3jstwa jest wy\u017csze. Typowe jest tak\u017ce wykazywanie zaburze\u0144 w funkcjonowaniu spo\u0142ecznym i zawodowym, a tak\u017ce znacznie trudniej w ich przypadku osi\u0105gn\u0105\u0107 optymalne rezultaty wynikaj\u0105ce z procesu leczniczo-terapeutycznego \u2013 mi\u0119dzy innymi dlatego, \u017ce niech\u0119tnie prosz\u0105 o pomoc specjalist\u00f3w, a je\u015bli ju\u017c udadz\u0105 si\u0119 do lekarza lub terapeuty, to zwykle wykazuj\u0105 niech\u0119\u0107 wobec nich. Typowe jest tutaj nieregularne za\u017cywanie lek\u00f3w, a tak\u017ce opuszczanie sesji terapeutycznych. Takie osoby szkodz\u0105 swojemu zdrowiu jeszcze na jeden spos\u00f3b \u2013 wielokrotnie w praktyce odwykowej spotykane s\u0105 przypadki za\u017cywania antydepresant\u00f3w z jednoczesnym dalszym piciem alkoholu.\u00a0<\/span><\/p>\n<h2>Zesp\u00f3\u0142 zale\u017cno\u015bci alkoholowej a depresja \u2013 rokowanie i leczenie<\/h2>\n<p><span style=\"font-weight: 400;\">Depresja mo\u017ce pojawi\u0107 si\u0119 razem z ZZA, ale r\u00f3wnie dobrze mo\u017ce go poprzedza\u0107, jak i pojawi\u0107 si\u0119 p\u00f3\u017aniej. Zwykle rozpoznanie nie jest specjalnie skomplikowane \u2013 Pacjent jest w stanie okre\u015bli\u0107 pierwotny pow\u00f3d rozwoju swojego stanu chorobowego.<\/span><\/p>\n<p><span style=\"font-weight: 400;\">Bardzo wa\u017cn\u0105 kwesti\u0105 jest tutaj zindywidualizowanie procesu leczniczego i terapeutycznego, kt\u00f3ry powinien by\u0107 poprzedzony przeprowadzeniem dok\u0142adnego wywiadu medycznego. B\u0119dzie to mo\u017cliwe w momencie kiedy sam Pacjent b\u0119dzie chcia\u0142 wsp\u00f3\u0142pracowa\u0107, a tak\u017ce zachowa szczero\u015b\u0107 podczas spotkania z lekarzem lub terapeut\u0105. W ten spos\u00f3b mo\u017cna szczeg\u00f3\u0142owo zaplanowa\u0107 jak najlepsz\u0105 w danym przypadku strategi\u0119 zmian, w\u0142\u0105czaj\u0105c w to opis leczenia. Zazwyczaj \u0142\u0105czy si\u0119 tutaj farmakoterapi\u0119 w postaci lek\u00f3w przeciwdepresyjnych razem z post\u0119powaniem psychoterapeutycznym, opracowanym specjalnie pod Pacjenta i jego indywidualny przypadek.<\/span><\/p>\n<p><span style=\"font-weight: 400;\">W procesie zdrowienia nie spos\u00f3b zapomnie\u0107 o wa\u017cnym udziale wsparcia udzielanego ze strony rodziny i najbli\u017cszych przyjaci\u00f3\u0142. Motywacja do zmian mo\u017ce by\u0107 tutaj kluczowa, zw\u0142aszcza w sytuacji kiedy zapa\u0142 Pacjenta s\u0142abnie.<\/span><\/p>\n<p><span style=\"font-weight: 400;\">Zdarzaj\u0105 si\u0119 jednak takie przypadki os\u00f3b, kt\u00f3rych ci\u0119\u017cki stan psychiczny jest wskazaniem do zastosowanie leczenia biologicznego, czyli inaczej m\u00f3wi\u0105c, konieczne b\u0119dzie zastosowanie elektrowstrz\u0105s\u00f3w.<\/span><\/p>\n<p><span style=\"font-weight: 400;\">Nale\u017cy tutaj podkre\u015bli\u0107, \u017ce u os\u00f3b z podw\u00f3jn\u0105 diagnoz\u0105 pomini\u0119cie kt\u00f3regokolwiek filaru leczenia, czy to farmakoterapii depresji, czy te\u017c terapii alkoholizmu, r\u00f3wna\u0107 si\u0119 b\u0119dzie brakiem efekt\u00f3w, a nawet je\u015bli pewne z nich zostan\u0105 dostrze\u017cone, zwykle s\u0105 jedynie chwilowe, po czy nast\u0119puje nawr\u00f3t choroby. Jedynie kompleksowe, wielotorowe i d\u0142ugotrwa\u0142e dzia\u0142anie ma jakiekolwiek szanse na zachowanie trwa\u0142ej abstynencji u danego Pacjenta. Owszem \u2013 jest to trudne, jednak naprawd\u0119 realne.<\/span><\/p>\n","protected":false},"excerpt":{"rendered":"<p>Depresja i alkoholizm cz\u0119sto id\u0105 ze sob\u0105 w parze. Najcz\u0119\u015bciej pierwotna obecno\u015b\u0107 alkoholizmu wywo\u0142uje pojawienie si\u0119 stan\u00f3w depresyjnych. Dotyczy to oko\u0142o 90% wszystkich stwierdzonych przypadk\u00f3w. 10% z kolei to sytuacja odwrotna, gdzie to pierwotnie wyst\u0119puj\u0105ca depresja popycha cz\u0142owieka w szpony uzale\u017cnienia. Co ciekawe, ta sytuacja w wi\u0119kszo\u015bci dotyczy kobiet. Niestety obie sytuacje s\u0105 r\u00f3wnie gro\u017ane, [&hellip;]<\/p>\n","protected":false},"author":2,"featured_media":60,"comment_status":"open","ping_status":"open","sticky":false,"template":"","format":"standard","meta":{"footnotes":""},"categories":[1],"tags":[],"class_list":["post-59","post","type-post","status-publish","format-standard","has-post-thumbnail","hentry","category-bez-kategorii"],"yoast_head":"<!-- This site is optimized with the Yoast SEO plugin v28.3 - https:\/\/yoast.com\/product\/yoast-seo-wordpress\/ -->\n<title>Depresja alkoholowa i uzale\u017cnienie od alkoholu \u2013 om\u00f3wienie poj\u0119\u0107 - Blog Esperal Katowice<\/title>\n<meta name=\"description\" content=\"Problem du\u017cej ilo\u015bci os\u00f3b nieleczonych przeciwdepresyjnie, wykazuj\u0105cych sk\u0142onno\u015bci do rozwoju alkoholizmu.\" \/>\n<meta name=\"robots\" content=\"index, follow, max-snippet:-1, max-image-preview:large, max-video-preview:-1\" \/>\n<link rel=\"canonical\" href=\"https:\/\/esperalkatowice.pl\/blog\/depresja-alkoholowa-i-uzaleznienie-od-alkoholu-omowienie-pojec\/\" \/>\n<meta property=\"og:locale\" content=\"pl_PL\" \/>\n<meta property=\"og:type\" content=\"article\" \/>\n<meta property=\"og:title\" content=\"Depresja alkoholowa i uzale\u017cnienie od alkoholu \u2013 om\u00f3wienie poj\u0119\u0107 - Blog Esperal Katowice\" \/>\n<meta property=\"og:description\" content=\"Problem du\u017cej ilo\u015bci os\u00f3b nieleczonych przeciwdepresyjnie, wykazuj\u0105cych sk\u0142onno\u015bci do rozwoju alkoholizmu.\" \/>\n<meta property=\"og:url\" content=\"https:\/\/esperalkatowice.pl\/blog\/depresja-alkoholowa-i-uzaleznienie-od-alkoholu-omowienie-pojec\/\" \/>\n<meta property=\"og:site_name\" content=\"Blog Esperal Katowice\" \/>\n<meta property=\"article:published_time\" content=\"2021-09-25T18:45:51+00:00\" \/>\n<meta property=\"og:image\" content=\"https:\/\/esperalkatowice.pl\/blog\/wp-content\/uploads\/2021\/09\/depresja-alkoholowa.jpg\" \/>\n\t<meta property=\"og:image:width\" content=\"900\" \/>\n\t<meta property=\"og:image:height\" content=\"675\" \/>\n\t<meta property=\"og:image:type\" content=\"image\/jpeg\" \/>\n<meta name=\"author\" content=\"qwg\" \/>\n<meta name=\"twitter:card\" content=\"summary_large_image\" \/>\n<meta name=\"twitter:label1\" content=\"Napisane przez\" \/>\n\t<meta name=\"twitter:data1\" content=\"qwg\" \/>\n\t<meta name=\"twitter:label2\" content=\"Szacowany czas czytania\" \/>\n\t<meta name=\"twitter:data2\" content=\"6 minut\" \/>\n<script type=\"application\/ld+json\" class=\"yoast-schema-graph\">{\"@context\":\"https:\\\/\\\/schema.org\",\"@graph\":[{\"@type\":\"Article\",\"@id\":\"https:\\\/\\\/esperalkatowice.pl\\\/blog\\\/depresja-alkoholowa-i-uzaleznienie-od-alkoholu-omowienie-pojec\\\/#article\",\"isPartOf\":{\"@id\":\"https:\\\/\\\/esperalkatowice.pl\\\/blog\\\/depresja-alkoholowa-i-uzaleznienie-od-alkoholu-omowienie-pojec\\\/\"},\"author\":{\"name\":\"qwg\",\"@id\":\"https:\\\/\\\/esperalkatowice.pl\\\/blog\\\/#\\\/schema\\\/person\\\/4f757be6bb2d60a5f9afc71a88e31284\"},\"headline\":\"Depresja alkoholowa i uzale\u017cnienie od alkoholu \u2013 om\u00f3wienie poj\u0119\u0107\",\"datePublished\":\"2021-09-25T18:45:51+00:00\",\"mainEntityOfPage\":{\"@id\":\"https:\\\/\\\/esperalkatowice.pl\\\/blog\\\/depresja-alkoholowa-i-uzaleznienie-od-alkoholu-omowienie-pojec\\\/\"},\"wordCount\":1160,\"commentCount\":0,\"image\":{\"@id\":\"https:\\\/\\\/esperalkatowice.pl\\\/blog\\\/depresja-alkoholowa-i-uzaleznienie-od-alkoholu-omowienie-pojec\\\/#primaryimage\"},\"thumbnailUrl\":\"https:\\\/\\\/esperalkatowice.pl\\\/blog\\\/wp-content\\\/uploads\\\/2021\\\/09\\\/depresja-alkoholowa.jpg\",\"inLanguage\":\"pl-PL\",\"potentialAction\":[{\"@type\":\"CommentAction\",\"name\":\"Comment\",\"target\":[\"https:\\\/\\\/esperalkatowice.pl\\\/blog\\\/depresja-alkoholowa-i-uzaleznienie-od-alkoholu-omowienie-pojec\\\/#respond\"]}]},{\"@type\":\"WebPage\",\"@id\":\"https:\\\/\\\/esperalkatowice.pl\\\/blog\\\/depresja-alkoholowa-i-uzaleznienie-od-alkoholu-omowienie-pojec\\\/\",\"url\":\"https:\\\/\\\/esperalkatowice.pl\\\/blog\\\/depresja-alkoholowa-i-uzaleznienie-od-alkoholu-omowienie-pojec\\\/\",\"name\":\"Depresja alkoholowa i uzale\u017cnienie od alkoholu \u2013 om\u00f3wienie poj\u0119\u0107 - Blog Esperal Katowice\",\"isPartOf\":{\"@id\":\"https:\\\/\\\/esperalkatowice.pl\\\/blog\\\/#website\"},\"primaryImageOfPage\":{\"@id\":\"https:\\\/\\\/esperalkatowice.pl\\\/blog\\\/depresja-alkoholowa-i-uzaleznienie-od-alkoholu-omowienie-pojec\\\/#primaryimage\"},\"image\":{\"@id\":\"https:\\\/\\\/esperalkatowice.pl\\\/blog\\\/depresja-alkoholowa-i-uzaleznienie-od-alkoholu-omowienie-pojec\\\/#primaryimage\"},\"thumbnailUrl\":\"https:\\\/\\\/esperalkatowice.pl\\\/blog\\\/wp-content\\\/uploads\\\/2021\\\/09\\\/depresja-alkoholowa.jpg\",\"datePublished\":\"2021-09-25T18:45:51+00:00\",\"author\":{\"@id\":\"https:\\\/\\\/esperalkatowice.pl\\\/blog\\\/#\\\/schema\\\/person\\\/4f757be6bb2d60a5f9afc71a88e31284\"},\"description\":\"Problem du\u017cej ilo\u015bci os\u00f3b nieleczonych przeciwdepresyjnie, wykazuj\u0105cych sk\u0142onno\u015bci do rozwoju alkoholizmu.\",\"breadcrumb\":{\"@id\":\"https:\\\/\\\/esperalkatowice.pl\\\/blog\\\/depresja-alkoholowa-i-uzaleznienie-od-alkoholu-omowienie-pojec\\\/#breadcrumb\"},\"inLanguage\":\"pl-PL\",\"potentialAction\":[{\"@type\":\"ReadAction\",\"target\":[\"https:\\\/\\\/esperalkatowice.pl\\\/blog\\\/depresja-alkoholowa-i-uzaleznienie-od-alkoholu-omowienie-pojec\\\/\"]}]},{\"@type\":\"ImageObject\",\"inLanguage\":\"pl-PL\",\"@id\":\"https:\\\/\\\/esperalkatowice.pl\\\/blog\\\/depresja-alkoholowa-i-uzaleznienie-od-alkoholu-omowienie-pojec\\\/#primaryimage\",\"url\":\"https:\\\/\\\/esperalkatowice.pl\\\/blog\\\/wp-content\\\/uploads\\\/2021\\\/09\\\/depresja-alkoholowa.jpg\",\"contentUrl\":\"https:\\\/\\\/esperalkatowice.pl\\\/blog\\\/wp-content\\\/uploads\\\/2021\\\/09\\\/depresja-alkoholowa.jpg\",\"width\":900,\"height\":675},{\"@type\":\"BreadcrumbList\",\"@id\":\"https:\\\/\\\/esperalkatowice.pl\\\/blog\\\/depresja-alkoholowa-i-uzaleznienie-od-alkoholu-omowienie-pojec\\\/#breadcrumb\",\"itemListElement\":[{\"@type\":\"ListItem\",\"position\":1,\"name\":\"Strona g\u0142\u00f3wna\",\"item\":\"https:\\\/\\\/esperalkatowice.pl\\\/blog\\\/\"},{\"@type\":\"ListItem\",\"position\":2,\"name\":\"Depresja alkoholowa i uzale\u017cnienie od alkoholu \u2013 om\u00f3wienie poj\u0119\u0107\"}]},{\"@type\":\"WebSite\",\"@id\":\"https:\\\/\\\/esperalkatowice.pl\\\/blog\\\/#website\",\"url\":\"https:\\\/\\\/esperalkatowice.pl\\\/blog\\\/\",\"name\":\"Blog Esperal Katowice\",\"description\":\"Alkoholizm jest powa\u017cnym problemem w naszym spo\u0142ecze\u0144stwie. Na naszym blogu znajdziesz r\u00f3\u017cne artyku\u0142y na ten temat.\",\"potentialAction\":[{\"@type\":\"SearchAction\",\"target\":{\"@type\":\"EntryPoint\",\"urlTemplate\":\"https:\\\/\\\/esperalkatowice.pl\\\/blog\\\/?s={search_term_string}\"},\"query-input\":{\"@type\":\"PropertyValueSpecification\",\"valueRequired\":true,\"valueName\":\"search_term_string\"}}],\"inLanguage\":\"pl-PL\"},{\"@type\":\"Person\",\"@id\":\"https:\\\/\\\/esperalkatowice.pl\\\/blog\\\/#\\\/schema\\\/person\\\/4f757be6bb2d60a5f9afc71a88e31284\",\"name\":\"qwg\",\"image\":{\"@type\":\"ImageObject\",\"inLanguage\":\"pl-PL\",\"@id\":\"https:\\\/\\\/secure.gravatar.com\\\/avatar\\\/d03b142b5e74e66c4e1b7aaa5736606733e8a5b6c8a8d7804d05bb29a7c23e87?s=96&d=mm&r=g\",\"url\":\"https:\\\/\\\/secure.gravatar.com\\\/avatar\\\/d03b142b5e74e66c4e1b7aaa5736606733e8a5b6c8a8d7804d05bb29a7c23e87?s=96&d=mm&r=g\",\"contentUrl\":\"https:\\\/\\\/secure.gravatar.com\\\/avatar\\\/d03b142b5e74e66c4e1b7aaa5736606733e8a5b6c8a8d7804d05bb29a7c23e87?s=96&d=mm&r=g\",\"caption\":\"qwg\"},\"url\":\"https:\\\/\\\/esperalkatowice.pl\\\/blog\\\/author\\\/qwg\\\/\"}]}<\/script>\n<!-- \/ Yoast SEO plugin. -->","yoast_head_json":{"title":"Depresja alkoholowa i uzale\u017cnienie od alkoholu \u2013 om\u00f3wienie poj\u0119\u0107 - Blog Esperal Katowice","description":"Problem du\u017cej ilo\u015bci os\u00f3b nieleczonych przeciwdepresyjnie, wykazuj\u0105cych sk\u0142onno\u015bci do rozwoju alkoholizmu.","robots":{"index":"index","follow":"follow","max-snippet":"max-snippet:-1","max-image-preview":"max-image-preview:large","max-video-preview":"max-video-preview:-1"},"canonical":"https:\/\/esperalkatowice.pl\/blog\/depresja-alkoholowa-i-uzaleznienie-od-alkoholu-omowienie-pojec\/","og_locale":"pl_PL","og_type":"article","og_title":"Depresja alkoholowa i uzale\u017cnienie od alkoholu \u2013 om\u00f3wienie poj\u0119\u0107 - Blog Esperal Katowice","og_description":"Problem du\u017cej ilo\u015bci os\u00f3b nieleczonych przeciwdepresyjnie, wykazuj\u0105cych sk\u0142onno\u015bci do rozwoju alkoholizmu.","og_url":"https:\/\/esperalkatowice.pl\/blog\/depresja-alkoholowa-i-uzaleznienie-od-alkoholu-omowienie-pojec\/","og_site_name":"Blog Esperal Katowice","article_published_time":"2021-09-25T18:45:51+00:00","og_image":[{"width":900,"height":675,"url":"https:\/\/esperalkatowice.pl\/blog\/wp-content\/uploads\/2021\/09\/depresja-alkoholowa.jpg","type":"image\/jpeg"}],"author":"qwg","twitter_card":"summary_large_image","twitter_misc":{"Napisane przez":"qwg","Szacowany czas czytania":"6 minut"},"schema":{"@context":"https:\/\/schema.org","@graph":[{"@type":"Article","@id":"https:\/\/esperalkatowice.pl\/blog\/depresja-alkoholowa-i-uzaleznienie-od-alkoholu-omowienie-pojec\/#article","isPartOf":{"@id":"https:\/\/esperalkatowice.pl\/blog\/depresja-alkoholowa-i-uzaleznienie-od-alkoholu-omowienie-pojec\/"},"author":{"name":"qwg","@id":"https:\/\/esperalkatowice.pl\/blog\/#\/schema\/person\/4f757be6bb2d60a5f9afc71a88e31284"},"headline":"Depresja alkoholowa i uzale\u017cnienie od alkoholu \u2013 om\u00f3wienie poj\u0119\u0107","datePublished":"2021-09-25T18:45:51+00:00","mainEntityOfPage":{"@id":"https:\/\/esperalkatowice.pl\/blog\/depresja-alkoholowa-i-uzaleznienie-od-alkoholu-omowienie-pojec\/"},"wordCount":1160,"commentCount":0,"image":{"@id":"https:\/\/esperalkatowice.pl\/blog\/depresja-alkoholowa-i-uzaleznienie-od-alkoholu-omowienie-pojec\/#primaryimage"},"thumbnailUrl":"https:\/\/esperalkatowice.pl\/blog\/wp-content\/uploads\/2021\/09\/depresja-alkoholowa.jpg","inLanguage":"pl-PL","potentialAction":[{"@type":"CommentAction","name":"Comment","target":["https:\/\/esperalkatowice.pl\/blog\/depresja-alkoholowa-i-uzaleznienie-od-alkoholu-omowienie-pojec\/#respond"]}]},{"@type":"WebPage","@id":"https:\/\/esperalkatowice.pl\/blog\/depresja-alkoholowa-i-uzaleznienie-od-alkoholu-omowienie-pojec\/","url":"https:\/\/esperalkatowice.pl\/blog\/depresja-alkoholowa-i-uzaleznienie-od-alkoholu-omowienie-pojec\/","name":"Depresja alkoholowa i uzale\u017cnienie od alkoholu \u2013 om\u00f3wienie poj\u0119\u0107 - Blog Esperal Katowice","isPartOf":{"@id":"https:\/\/esperalkatowice.pl\/blog\/#website"},"primaryImageOfPage":{"@id":"https:\/\/esperalkatowice.pl\/blog\/depresja-alkoholowa-i-uzaleznienie-od-alkoholu-omowienie-pojec\/#primaryimage"},"image":{"@id":"https:\/\/esperalkatowice.pl\/blog\/depresja-alkoholowa-i-uzaleznienie-od-alkoholu-omowienie-pojec\/#primaryimage"},"thumbnailUrl":"https:\/\/esperalkatowice.pl\/blog\/wp-content\/uploads\/2021\/09\/depresja-alkoholowa.jpg","datePublished":"2021-09-25T18:45:51+00:00","author":{"@id":"https:\/\/esperalkatowice.pl\/blog\/#\/schema\/person\/4f757be6bb2d60a5f9afc71a88e31284"},"description":"Problem du\u017cej ilo\u015bci os\u00f3b nieleczonych przeciwdepresyjnie, wykazuj\u0105cych sk\u0142onno\u015bci do rozwoju alkoholizmu.","breadcrumb":{"@id":"https:\/\/esperalkatowice.pl\/blog\/depresja-alkoholowa-i-uzaleznienie-od-alkoholu-omowienie-pojec\/#breadcrumb"},"inLanguage":"pl-PL","potentialAction":[{"@type":"ReadAction","target":["https:\/\/esperalkatowice.pl\/blog\/depresja-alkoholowa-i-uzaleznienie-od-alkoholu-omowienie-pojec\/"]}]},{"@type":"ImageObject","inLanguage":"pl-PL","@id":"https:\/\/esperalkatowice.pl\/blog\/depresja-alkoholowa-i-uzaleznienie-od-alkoholu-omowienie-pojec\/#primaryimage","url":"https:\/\/esperalkatowice.pl\/blog\/wp-content\/uploads\/2021\/09\/depresja-alkoholowa.jpg","contentUrl":"https:\/\/esperalkatowice.pl\/blog\/wp-content\/uploads\/2021\/09\/depresja-alkoholowa.jpg","width":900,"height":675},{"@type":"BreadcrumbList","@id":"https:\/\/esperalkatowice.pl\/blog\/depresja-alkoholowa-i-uzaleznienie-od-alkoholu-omowienie-pojec\/#breadcrumb","itemListElement":[{"@type":"ListItem","position":1,"name":"Strona g\u0142\u00f3wna","item":"https:\/\/esperalkatowice.pl\/blog\/"},{"@type":"ListItem","position":2,"name":"Depresja alkoholowa i uzale\u017cnienie od alkoholu \u2013 om\u00f3wienie poj\u0119\u0107"}]},{"@type":"WebSite","@id":"https:\/\/esperalkatowice.pl\/blog\/#website","url":"https:\/\/esperalkatowice.pl\/blog\/","name":"Blog Esperal Katowice","description":"Alkoholizm jest powa\u017cnym problemem w naszym spo\u0142ecze\u0144stwie. Na naszym blogu znajdziesz r\u00f3\u017cne artyku\u0142y na ten temat.","potentialAction":[{"@type":"SearchAction","target":{"@type":"EntryPoint","urlTemplate":"https:\/\/esperalkatowice.pl\/blog\/?s={search_term_string}"},"query-input":{"@type":"PropertyValueSpecification","valueRequired":true,"valueName":"search_term_string"}}],"inLanguage":"pl-PL"},{"@type":"Person","@id":"https:\/\/esperalkatowice.pl\/blog\/#\/schema\/person\/4f757be6bb2d60a5f9afc71a88e31284","name":"qwg","image":{"@type":"ImageObject","inLanguage":"pl-PL","@id":"https:\/\/secure.gravatar.com\/avatar\/d03b142b5e74e66c4e1b7aaa5736606733e8a5b6c8a8d7804d05bb29a7c23e87?s=96&d=mm&r=g","url":"https:\/\/secure.gravatar.com\/avatar\/d03b142b5e74e66c4e1b7aaa5736606733e8a5b6c8a8d7804d05bb29a7c23e87?s=96&d=mm&r=g","contentUrl":"https:\/\/secure.gravatar.com\/avatar\/d03b142b5e74e66c4e1b7aaa5736606733e8a5b6c8a8d7804d05bb29a7c23e87?s=96&d=mm&r=g","caption":"qwg"},"url":"https:\/\/esperalkatowice.pl\/blog\/author\/qwg\/"}]}},"_links":{"self":[{"href":"https:\/\/esperalkatowice.pl\/blog\/wp-json\/wp\/v2\/posts\/59","targetHints":{"allow":["GET"]}}],"collection":[{"href":"https:\/\/esperalkatowice.pl\/blog\/wp-json\/wp\/v2\/posts"}],"about":[{"href":"https:\/\/esperalkatowice.pl\/blog\/wp-json\/wp\/v2\/types\/post"}],"author":[{"embeddable":true,"href":"https:\/\/esperalkatowice.pl\/blog\/wp-json\/wp\/v2\/users\/2"}],"replies":[{"embeddable":true,"href":"https:\/\/esperalkatowice.pl\/blog\/wp-json\/wp\/v2\/comments?post=59"}],"version-history":[{"count":2,"href":"https:\/\/esperalkatowice.pl\/blog\/wp-json\/wp\/v2\/posts\/59\/revisions"}],"predecessor-version":[{"id":62,"href":"https:\/\/esperalkatowice.pl\/blog\/wp-json\/wp\/v2\/posts\/59\/revisions\/62"}],"wp:featuredmedia":[{"embeddable":true,"href":"https:\/\/esperalkatowice.pl\/blog\/wp-json\/wp\/v2\/media\/60"}],"wp:attachment":[{"href":"https:\/\/esperalkatowice.pl\/blog\/wp-json\/wp\/v2\/media?parent=59"}],"wp:term":[{"taxonomy":"category","embeddable":true,"href":"https:\/\/esperalkatowice.pl\/blog\/wp-json\/wp\/v2\/categories?post=59"},{"taxonomy":"post_tag","embeddable":true,"href":"https:\/\/esperalkatowice.pl\/blog\/wp-json\/wp\/v2\/tags?post=59"}],"curies":[{"name":"wp","href":"https:\/\/api.w.org\/{rel}","templated":true}]}}